{"id":988,"date":"2011-10-20T14:23:38","date_gmt":"2011-10-20T14:23:38","guid":{"rendered":"https:\/\/www.blacksmokeracing.com\/?p=988"},"modified":"2017-12-19T19:47:32","modified_gmt":"2017-12-19T17:47:32","slug":"pre-last-track-day-2011","status":"publish","type":"post","link":"https:\/\/www.blacksmokeracing.com\/sv\/posts\/events\/pre-last-track-day-2011\/","title":{"rendered":"F\u00f6re sista sp\u00e5rdagen 2011"},"content":{"rendered":"<p style=\"text-align: center;\"><a href=\"https:\/\/www.blacksmokeracing.com\/sv\/pre-last-track-day-2011\/img_0028\/\"><img loading=\"lazy\" decoding=\"async\" class=\"aligncenter size-large wp-image-989\" title=\"Touhuteemu\" src=\"https:\/\/www.blacksmokeracing.com\/wp-content\/uploads\/2011\/10\/IMG_0028.jpg\" alt=\"\" width=\"852\" height=\"426\" srcset=\"https:\/\/www.blacksmokeracing.com\/wp-content\/uploads\/2011\/10\/IMG_0028.jpg 2048w, https:\/\/www.blacksmokeracing.com\/wp-content\/uploads\/2011\/10\/IMG_0028-64x32.jpg 64w, https:\/\/www.blacksmokeracing.com\/wp-content\/uploads\/2011\/10\/IMG_0028-585x293.jpg 585w, https:\/\/www.blacksmokeracing.com\/wp-content\/uploads\/2011\/10\/IMG_0028-768x384.jpg 768w, https:\/\/www.blacksmokeracing.com\/wp-content\/uploads\/2011\/10\/IMG_0028-1170x585.jpg 1170w\" sizes=\"auto, (max-width: 852px) 100vw, 852px\" \/><\/a>Japp, detta kommer f\u00f6rmodligen att bli den sista driften f\u00f6r BSR 2011, den redan pensionerade w123:an g\u00e5r f\u00f6r \u00e4nnu ett snurr och beh\u00f6ver lite v\u00e5rd.<!--more--><\/p>\n<p style=\"text-align: center;\"><a href=\"https:\/\/www.blacksmokeracing.com\/sv\/pre-last-track-day-2011\/img_0031\/\"><img loading=\"lazy\" decoding=\"async\" class=\"aligncenter size-large wp-image-994\" title=\"Vinku SOI\" src=\"https:\/\/www.blacksmokeracing.com\/wp-content\/uploads\/2011\/10\/IMG_0031.jpg\" alt=\"\" width=\"852\" height=\"426\" srcset=\"https:\/\/www.blacksmokeracing.com\/wp-content\/uploads\/2011\/10\/IMG_0031.jpg 2048w, https:\/\/www.blacksmokeracing.com\/wp-content\/uploads\/2011\/10\/IMG_0031-64x32.jpg 64w, https:\/\/www.blacksmokeracing.com\/wp-content\/uploads\/2011\/10\/IMG_0031-585x293.jpg 585w, https:\/\/www.blacksmokeracing.com\/wp-content\/uploads\/2011\/10\/IMG_0031-768x384.jpg 768w, https:\/\/www.blacksmokeracing.com\/wp-content\/uploads\/2011\/10\/IMG_0031-1170x585.jpg 1170w\" sizes=\"auto, (max-width: 852px) 100vw, 852px\" \/><\/a><\/p>\n<p style=\"text-align: center;\">Som ni alla kanske vet har det aldrig funnits tillr\u00e4ckligt med kraft i motorn, i n\u00e4stan varje race har det varit n\u00e5got fel. Kompressorn var inte ens monterad p\u00e5 gatebil och n\u00e4r den har varit d\u00e4r har den inte fungerat korrekt. Vi har funderat p\u00e5 m\u00e5nga s\u00e4tt att g\u00f6ra hela monteringen av dessa komponenter, men f\u00f6rst nu tror vi att vi har r\u00e4knat ut det, och ja, det finns alltid n\u00e5gon som inte h\u00e5ller med och tycker att dessa borde monteras p\u00e5 ett annat s\u00e4tt, men det h\u00e4r verkar verkligen fungera utm\u00e4rkt .<\/p>\n<p style=\"text-align: center;\"><a href=\"https:\/\/www.blacksmokeracing.com\/sv\/pre-last-track-day-2011\/img_0035-2\/\"><img loading=\"lazy\" decoding=\"async\" class=\"aligncenter size-large wp-image-996\" title=\"KelloCombo\" src=\"https:\/\/www.blacksmokeracing.com\/wp-content\/uploads\/2011\/10\/IMG_00351.jpg\" alt=\"\" width=\"852\" height=\"426\" srcset=\"https:\/\/www.blacksmokeracing.com\/wp-content\/uploads\/2011\/10\/IMG_00351.jpg 2048w, https:\/\/www.blacksmokeracing.com\/wp-content\/uploads\/2011\/10\/IMG_00351-64x32.jpg 64w, https:\/\/www.blacksmokeracing.com\/wp-content\/uploads\/2011\/10\/IMG_00351-585x293.jpg 585w, https:\/\/www.blacksmokeracing.com\/wp-content\/uploads\/2011\/10\/IMG_00351-768x384.jpg 768w, https:\/\/www.blacksmokeracing.com\/wp-content\/uploads\/2011\/10\/IMG_00351-1170x585.jpg 1170w\" sizes=\"auto, (max-width: 852px) 100vw, 852px\" \/><\/a><\/p>\n<p style=\"text-align: center;\">Den delen som visas ovan har varit det senaste problemet. Detta var den del som tryckte in luft direkt i insugningsr\u00f6ret (ist\u00e4llet f\u00f6r in i kompressorn) n\u00e4r turbon lyckades generera mer boost \u00e4n kompressorn. Problemet h\u00e4r var det d\u00e5liga fl\u00f6det p\u00e5 grund av f\u00f6r sm\u00e5 h\u00e5l, ventiler, sn\u00e4va sv\u00e4ngar och s\u00e5 vidare. S\u00e5 vi blev av med det.<\/p>\n<p style=\"text-align: center;\"><a href=\"https:\/\/www.blacksmokeracing.com\/sv\/pre-last-track-day-2011\/img_0066\/\"><img loading=\"lazy\" decoding=\"async\" class=\"aligncenter size-large wp-image-997\" title=\"Backventil\" src=\"https:\/\/www.blacksmokeracing.com\/wp-content\/uploads\/2011\/10\/IMG_0066.jpg\" alt=\"\" width=\"852\" height=\"370\" srcset=\"https:\/\/www.blacksmokeracing.com\/wp-content\/uploads\/2011\/10\/IMG_0066.jpg 2048w, https:\/\/www.blacksmokeracing.com\/wp-content\/uploads\/2011\/10\/IMG_0066-64x28.jpg 64w, https:\/\/www.blacksmokeracing.com\/wp-content\/uploads\/2011\/10\/IMG_0066-585x254.jpg 585w, https:\/\/www.blacksmokeracing.com\/wp-content\/uploads\/2011\/10\/IMG_0066-768x334.jpg 768w, https:\/\/www.blacksmokeracing.com\/wp-content\/uploads\/2011\/10\/IMG_0066-1170x508.jpg 1170w\" sizes=\"auto, (max-width: 852px) 100vw, 852px\" \/><\/a><\/p>\n<p style=\"text-align: center;\">Den nya l\u00f6sningen ser ut s\u00e5 h\u00e4r. Monterad p\u00e5 den h\u00e4r \u00e4nden av insugningsr\u00f6ret kan du se vad som i princip \u00e4r en backventil, ja den man\u00f6vreras inte p\u00e5 n\u00e5got s\u00e4tt, den f\u00f6rhindrar bara att trycka luft &quot;bak\u00e5t&quot; i systemet medan kompressorn tar hand om boosten, n\u00e4r turbon genererar mer tryck \u00e4n kompressorn denna &quot;klaff&quot; \u00f6ppnar s\u00e5 klart. Och ja, vi vet att det \u00e4r vackert.<\/p>\n<p style=\"text-align: center;\"><a href=\"https:\/\/www.blacksmokeracing.com\/sv\/pre-last-track-day-2011\/img_0070\/\"><img loading=\"lazy\" decoding=\"async\" class=\"aligncenter size-large wp-image-998\" title=\"Sorvi\" src=\"https:\/\/www.blacksmokeracing.com\/wp-content\/uploads\/2011\/10\/IMG_0070.jpg\" alt=\"\" width=\"852\" height=\"426\" srcset=\"https:\/\/www.blacksmokeracing.com\/wp-content\/uploads\/2011\/10\/IMG_0070.jpg 2048w, https:\/\/www.blacksmokeracing.com\/wp-content\/uploads\/2011\/10\/IMG_0070-64x32.jpg 64w, https:\/\/www.blacksmokeracing.com\/wp-content\/uploads\/2011\/10\/IMG_0070-585x293.jpg 585w, https:\/\/www.blacksmokeracing.com\/wp-content\/uploads\/2011\/10\/IMG_0070-768x384.jpg 768w, https:\/\/www.blacksmokeracing.com\/wp-content\/uploads\/2011\/10\/IMG_0070-1170x585.jpg 1170w\" sizes=\"auto, (max-width: 852px) 100vw, 852px\" \/><\/a><a href=\"https:\/\/www.blacksmokeracing.com\/sv\/pre-last-track-day-2011\/img_0072\/\"><img loading=\"lazy\" decoding=\"async\" class=\"aligncenter size-large wp-image-999\" title=\"modifierande kompressorhjul\" src=\"https:\/\/www.blacksmokeracing.com\/wp-content\/uploads\/2011\/10\/IMG_0072.jpg\" alt=\"\" width=\"852\" height=\"370\" srcset=\"https:\/\/www.blacksmokeracing.com\/wp-content\/uploads\/2011\/10\/IMG_0072.jpg 2048w, https:\/\/www.blacksmokeracing.com\/wp-content\/uploads\/2011\/10\/IMG_0072-64x28.jpg 64w, https:\/\/www.blacksmokeracing.com\/wp-content\/uploads\/2011\/10\/IMG_0072-585x254.jpg 585w, https:\/\/www.blacksmokeracing.com\/wp-content\/uploads\/2011\/10\/IMG_0072-768x334.jpg 768w, https:\/\/www.blacksmokeracing.com\/wp-content\/uploads\/2011\/10\/IMG_0072-1170x508.jpg 1170w\" sizes=\"auto, (max-width: 852px) 100vw, 852px\" \/><\/a><a href=\"https:\/\/www.blacksmokeracing.com\/sv\/pre-last-track-day-2011\/img_0074\/\"><img loading=\"lazy\" decoding=\"async\" class=\"aligncenter size-large wp-image-1001\" title=\"Svetsning w123\" src=\"https:\/\/www.blacksmokeracing.com\/wp-content\/uploads\/2011\/10\/IMG_0074.jpg\" alt=\"\" width=\"852\" height=\"370\" srcset=\"https:\/\/www.blacksmokeracing.com\/wp-content\/uploads\/2011\/10\/IMG_0074.jpg 2047w, https:\/\/www.blacksmokeracing.com\/wp-content\/uploads\/2011\/10\/IMG_0074-64x28.jpg 64w, https:\/\/www.blacksmokeracing.com\/wp-content\/uploads\/2011\/10\/IMG_0074-585x254.jpg 585w, https:\/\/www.blacksmokeracing.com\/wp-content\/uploads\/2011\/10\/IMG_0074-768x334.jpg 768w, https:\/\/www.blacksmokeracing.com\/wp-content\/uploads\/2011\/10\/IMG_0074-1170x509.jpg 1170w\" sizes=\"auto, (max-width: 852px) 100vw, 852px\" \/><\/a><a href=\"https:\/\/www.blacksmokeracing.com\/sv\/pre-last-track-day-2011\/img_0064\/\"><br \/>\n<\/a><\/p>\n<p style=\"text-align: center;\">Och sist men definitivt inte minst var vi tvungna att modifiera kompressorhjulet, eftersom mercen verkade br\u00e4nna mer gummi under huven \u00e4n p\u00e5 hjulen. S\u00e5 hjulet var tvungen att bli st\u00f6rre, ja teemu gav bara en bit hardcore-r\u00f6r en snurra och det var klart. \ud83d\ude00 (efter p\u00e5svetsning.) Motorn gjorde 2bar boost och ingen r\u00f6k som stod stilla i garaget. Den har inte testats p\u00e5 banan \u00e4nnu men det h\u00e4r luktar verkligen framg\u00e5ng.<\/p>\n<p style=\"text-align: center;\">Bandagen kommer att vara p\u00e5 l\u00f6rdag i Joutsa och vi kanske g\u00f6r en video av evenemanget om v\u00e4dret till\u00e5ter det.<\/p>\n<p><a href=\"https:\/\/www.blacksmokeracing.com\/sv\/pre-last-track-day-2011\/img_0064\/\"><img loading=\"lazy\" decoding=\"async\" class=\"aligncenter size-large wp-image-1000\" style=\"display: block; margin-left: auto; margin-right: auto; border: 0px initial initial;\" title=\"Anton Bj\u00f6rkskog\" src=\"https:\/\/www.blacksmokeracing.com\/wp-content\/uploads\/2011\/10\/IMG_0064.jpg\" alt=\"\" width=\"852\" height=\"370\" srcset=\"https:\/\/www.blacksmokeracing.com\/wp-content\/uploads\/2011\/10\/IMG_0064.jpg 2048w, https:\/\/www.blacksmokeracing.com\/wp-content\/uploads\/2011\/10\/IMG_0064-64x28.jpg 64w, https:\/\/www.blacksmokeracing.com\/wp-content\/uploads\/2011\/10\/IMG_0064-585x254.jpg 585w, https:\/\/www.blacksmokeracing.com\/wp-content\/uploads\/2011\/10\/IMG_0064-768x334.jpg 768w, https:\/\/www.blacksmokeracing.com\/wp-content\/uploads\/2011\/10\/IMG_0064-1170x508.jpg 1170w\" sizes=\"auto, (max-width: 852px) 100vw, 852px\" \/><\/a><\/p>\n<p style=\"text-align: center;\">Denna inst\u00e4llning borde r\u00e4cka f\u00f6r en RIKTIGT snabb 3,5 bar boost, ja det \u00e4r genomf\u00f6rbart.<\/p>\n<p style=\"text-align: center;\">Kommentera och dela g\u00e4rna.<\/p>\n<p style=\"text-align: center;\">\ud83d\ude42<\/p>\n<p>&nbsp;<\/p>\n<p>&nbsp;<\/p>\n<p>&nbsp;<\/p>","protected":false},"excerpt":{"rendered":"<p>Japp, detta kommer f\u00f6rmodligen att bli den sista driften f\u00f6r BSR 2011, den redan pensionerade w123:an g\u00e5r f\u00f6r \u00e4nnu ett snurr och beh\u00f6ver lite v\u00e5rd.<\/p>","protected":false},"author":4,"featured_media":899,"comment_status":"open","ping_status":"open","sticky":false,"template":"","format":"standard","meta":{"inline_featured_image":false,"_kad_blocks_custom_css":"","_kad_blocks_head_custom_js":"","_kad_blocks_body_custom_js":"","_kad_blocks_footer_custom_js":"","_kad_post_transparent":"","_kad_post_title":"","_kad_post_layout":"","_kad_post_sidebar_id":"","_kad_post_content_style":"","_kad_post_vertical_padding":"","_kad_post_feature":"","_kad_post_feature_position":"","_kad_post_header":false,"_kad_post_footer":false,"_kad_post_classname":"","cybocfi_hide_featured_image":"","footnotes":""},"categories":[409,6,380,398,401],"tags":[],"class_list":["post-988","post","type-post","status-publish","format-standard","has-post-thumbnail","hentry","category-bikernieki-riga","category-events","category-drifting","category-om606","category-w123"],"yoast_head":"<!-- This site is optimized with the Yoast SEO Premium plugin v27.5 (Yoast SEO v27.5) - https:\/\/yoast.com\/product\/yoast-seo-premium-wordpress\/ -->\n<title>Pre-Last track-day 2011 - Black Smoke Ltd<\/title>\n<meta name=\"robots\" content=\"index, follow, max-snippet:-1, max-image-preview:large, max-video-preview:-1\" \/>\n<link rel=\"canonical\" href=\"https:\/\/www.blacksmokeracing.com\/sv\/posts\/events\/pre-last-track-day-2011\/\" \/>\n<meta property=\"og:locale\" content=\"sv_SE\" \/>\n<meta property=\"og:type\" content=\"article\" \/>\n<meta property=\"og:title\" content=\"Pre-Last track-day 2011\" \/>\n<meta property=\"og:description\" content=\"Yep, this will probably be the last drifting for BSR in 2011, the already retired w123 goes for yet another spin and needs a little care.\" \/>\n<meta property=\"og:url\" content=\"https:\/\/www.blacksmokeracing.com\/sv\/posts\/events\/pre-last-track-day-2011\/\" \/>\n<meta property=\"og:site_name\" content=\"Black Smoke Ltd\" \/>\n<meta property=\"article:publisher\" content=\"https:\/\/www.facebook.com\/blacksmokeracing\" \/>\n<meta property=\"article:published_time\" content=\"2011-10-20T14:23:38+00:00\" \/>\n<meta property=\"article:modified_time\" content=\"2017-12-19T17:47:32+00:00\" \/>\n<meta property=\"og:image\" content=\"https:\/\/www.blacksmokeracing.com\/wp-content\/uploads\/2011\/10\/IMG_0801.jpg\" \/>\n\t<meta property=\"og:image:width\" content=\"1600\" \/>\n\t<meta property=\"og:image:height\" content=\"1025\" \/>\n\t<meta property=\"og:image:type\" content=\"image\/jpeg\" \/>\n<meta name=\"author\" content=\"Patrik\" \/>\n<meta name=\"twitter:card\" content=\"summary_large_image\" \/>\n<meta name=\"twitter:creator\" content=\"@BlackSmokeMedia\" \/>\n<meta name=\"twitter:site\" content=\"@BlackSmokeMedia\" \/>\n<meta name=\"twitter:label1\" content=\"Skriven av\" \/>\n\t<meta name=\"twitter:data1\" content=\"Patrik\" \/>\n\t<meta name=\"twitter:label2\" content=\"Ber\u00e4knad l\u00e4stid\" \/>\n\t<meta name=\"twitter:data2\" content=\"2 minuter\" \/>\n<script type=\"application\/ld+json\" class=\"yoast-schema-graph\">{\"@context\":\"https:\\\/\\\/schema.org\",\"@graph\":[{\"@type\":\"Article\",\"@id\":\"https:\\\/\\\/www.blacksmokeracing.com\\\/fi\\\/posts\\\/events\\\/pre-last-track-day-2011\\\/#article\",\"isPartOf\":{\"@id\":\"https:\\\/\\\/www.blacksmokeracing.com\\\/fi\\\/posts\\\/events\\\/pre-last-track-day-2011\\\/\"},\"author\":{\"name\":\"Patrik\",\"@id\":\"https:\\\/\\\/www.blacksmokeracing.com\\\/#\\\/schema\\\/person\\\/002a48091934372655a9a1b63cf11ce5\"},\"headline\":\"Pre-Last track-day 2011\",\"datePublished\":\"2011-10-20T14:23:38+00:00\",\"dateModified\":\"2017-12-19T17:47:32+00:00\",\"mainEntityOfPage\":{\"@id\":\"https:\\\/\\\/www.blacksmokeracing.com\\\/fi\\\/posts\\\/events\\\/pre-last-track-day-2011\\\/\"},\"wordCount\":379,\"commentCount\":2,\"publisher\":{\"@id\":\"https:\\\/\\\/www.blacksmokeracing.com\\\/#organization\"},\"image\":{\"@id\":\"https:\\\/\\\/www.blacksmokeracing.com\\\/fi\\\/posts\\\/events\\\/pre-last-track-day-2011\\\/#primaryimage\"},\"thumbnailUrl\":\"https:\\\/\\\/www.blacksmokeracing.com\\\/wp-content\\\/uploads\\\/2011\\\/10\\\/IMG_0801.jpg\",\"articleSection\":[\"Bikernieki Riga\",\"Car events we plan to participate in\",\"Drifting events we plan to participate in\",\"om606\",\"w123\"],\"inLanguage\":\"sv-SE\"},{\"@type\":\"WebPage\",\"@id\":\"https:\\\/\\\/www.blacksmokeracing.com\\\/fi\\\/posts\\\/events\\\/pre-last-track-day-2011\\\/\",\"url\":\"https:\\\/\\\/www.blacksmokeracing.com\\\/fi\\\/posts\\\/events\\\/pre-last-track-day-2011\\\/\",\"name\":\"Pre-Last track-day 2011 - Black Smoke Ltd\",\"isPartOf\":{\"@id\":\"https:\\\/\\\/www.blacksmokeracing.com\\\/#website\"},\"primaryImageOfPage\":{\"@id\":\"https:\\\/\\\/www.blacksmokeracing.com\\\/fi\\\/posts\\\/events\\\/pre-last-track-day-2011\\\/#primaryimage\"},\"image\":{\"@id\":\"https:\\\/\\\/www.blacksmokeracing.com\\\/fi\\\/posts\\\/events\\\/pre-last-track-day-2011\\\/#primaryimage\"},\"thumbnailUrl\":\"https:\\\/\\\/www.blacksmokeracing.com\\\/wp-content\\\/uploads\\\/2011\\\/10\\\/IMG_0801.jpg\",\"datePublished\":\"2011-10-20T14:23:38+00:00\",\"dateModified\":\"2017-12-19T17:47:32+00:00\",\"breadcrumb\":{\"@id\":\"https:\\\/\\\/www.blacksmokeracing.com\\\/fi\\\/posts\\\/events\\\/pre-last-track-day-2011\\\/#breadcrumb\"},\"inLanguage\":\"sv-SE\",\"potentialAction\":[{\"@type\":\"ReadAction\",\"target\":[\"https:\\\/\\\/www.blacksmokeracing.com\\\/fi\\\/posts\\\/events\\\/pre-last-track-day-2011\\\/\"]}]},{\"@type\":\"ImageObject\",\"inLanguage\":\"sv-SE\",\"@id\":\"https:\\\/\\\/www.blacksmokeracing.com\\\/fi\\\/posts\\\/events\\\/pre-last-track-day-2011\\\/#primaryimage\",\"url\":\"https:\\\/\\\/www.blacksmokeracing.com\\\/wp-content\\\/uploads\\\/2011\\\/10\\\/IMG_0801.jpg\",\"contentUrl\":\"https:\\\/\\\/www.blacksmokeracing.com\\\/wp-content\\\/uploads\\\/2011\\\/10\\\/IMG_0801.jpg\",\"width\":1600,\"height\":1025},{\"@type\":\"BreadcrumbList\",\"@id\":\"https:\\\/\\\/www.blacksmokeracing.com\\\/fi\\\/posts\\\/events\\\/pre-last-track-day-2011\\\/#breadcrumb\",\"itemListElement\":[{\"@type\":\"ListItem\",\"position\":1,\"name\":\"Home\",\"item\":\"https:\\\/\\\/www.blacksmokeracing.com\\\/\"},{\"@type\":\"ListItem\",\"position\":2,\"name\":\"Pre-Last track-day 2011\"}]},{\"@type\":\"WebSite\",\"@id\":\"https:\\\/\\\/www.blacksmokeracing.com\\\/#website\",\"url\":\"https:\\\/\\\/www.blacksmokeracing.com\\\/\",\"name\":\"Black Smoke Ltd\",\"description\":\"Not the most successful drifting team\",\"publisher\":{\"@id\":\"https:\\\/\\\/www.blacksmokeracing.com\\\/#organization\"},\"potentialAction\":[{\"@type\":\"SearchAction\",\"target\":{\"@type\":\"EntryPoint\",\"urlTemplate\":\"https:\\\/\\\/www.blacksmokeracing.com\\\/?s={search_term_string}\"},\"query-input\":{\"@type\":\"PropertyValueSpecification\",\"valueRequired\":true,\"valueName\":\"search_term_string\"}}],\"inLanguage\":\"sv-SE\"},{\"@type\":\"Organization\",\"@id\":\"https:\\\/\\\/www.blacksmokeracing.com\\\/#organization\",\"name\":\"Black Smoke Oy Ltd\",\"url\":\"https:\\\/\\\/www.blacksmokeracing.com\\\/\",\"logo\":{\"@type\":\"ImageObject\",\"inLanguage\":\"sv-SE\",\"@id\":\"https:\\\/\\\/www.blacksmokeracing.com\\\/#\\\/schema\\\/logo\\\/image\\\/\",\"url\":\"https:\\\/\\\/www.blacksmokeracing.com\\\/wp-content\\\/uploads\\\/2017\\\/11\\\/Black-Smoke-Logo.png\",\"contentUrl\":\"https:\\\/\\\/www.blacksmokeracing.com\\\/wp-content\\\/uploads\\\/2017\\\/11\\\/Black-Smoke-Logo.png\",\"width\":319,\"height\":97,\"caption\":\"Black Smoke Oy Ltd\"},\"image\":{\"@id\":\"https:\\\/\\\/www.blacksmokeracing.com\\\/#\\\/schema\\\/logo\\\/image\\\/\"},\"sameAs\":[\"https:\\\/\\\/www.facebook.com\\\/blacksmokeracing\",\"https:\\\/\\\/x.com\\\/BlackSmokeMedia\"]},{\"@type\":\"Person\",\"@id\":\"https:\\\/\\\/www.blacksmokeracing.com\\\/#\\\/schema\\\/person\\\/002a48091934372655a9a1b63cf11ce5\",\"name\":\"Patrik\",\"image\":{\"@type\":\"ImageObject\",\"inLanguage\":\"sv-SE\",\"@id\":\"https:\\\/\\\/secure.gravatar.com\\\/avatar\\\/542714603984c03ba6b510a338bb9de714003fc097b57a163889156a05a9051f?s=96&d=mm&r=g\",\"url\":\"https:\\\/\\\/secure.gravatar.com\\\/avatar\\\/542714603984c03ba6b510a338bb9de714003fc097b57a163889156a05a9051f?s=96&d=mm&r=g\",\"contentUrl\":\"https:\\\/\\\/secure.gravatar.com\\\/avatar\\\/542714603984c03ba6b510a338bb9de714003fc097b57a163889156a05a9051f?s=96&d=mm&r=g\",\"caption\":\"Patrik\"},\"sameAs\":[\"http:\\\/\\\/patrikwargh.com\"]}]}<\/script>\n<!-- \/ Yoast SEO Premium plugin. -->","yoast_head_json":{"title":"F\u00f6re sista sp\u00e5rdagen 2011 - Black Smoke Ltd","robots":{"index":"index","follow":"follow","max-snippet":"max-snippet:-1","max-image-preview":"max-image-preview:large","max-video-preview":"max-video-preview:-1"},"canonical":"https:\/\/www.blacksmokeracing.com\/sv\/posts\/events\/pre-last-track-day-2011\/","og_locale":"sv_SE","og_type":"article","og_title":"Pre-Last track-day 2011","og_description":"Yep, this will probably be the last drifting for BSR in 2011, the already retired w123 goes for yet another spin and needs a little care.","og_url":"https:\/\/www.blacksmokeracing.com\/sv\/posts\/events\/pre-last-track-day-2011\/","og_site_name":"Black Smoke Ltd","article_publisher":"https:\/\/www.facebook.com\/blacksmokeracing","article_published_time":"2011-10-20T14:23:38+00:00","article_modified_time":"2017-12-19T17:47:32+00:00","og_image":[{"width":1600,"height":1025,"url":"https:\/\/www.blacksmokeracing.com\/wp-content\/uploads\/2011\/10\/IMG_0801.jpg","type":"image\/jpeg"}],"author":"Patrik","twitter_card":"summary_large_image","twitter_creator":"@BlackSmokeMedia","twitter_site":"@BlackSmokeMedia","twitter_misc":{"Skriven av":"Patrik","Ber\u00e4knad l\u00e4stid":"2 minuter"},"schema":{"@context":"https:\/\/schema.org","@graph":[{"@type":"Article","@id":"https:\/\/www.blacksmokeracing.com\/fi\/posts\/events\/pre-last-track-day-2011\/#article","isPartOf":{"@id":"https:\/\/www.blacksmokeracing.com\/fi\/posts\/events\/pre-last-track-day-2011\/"},"author":{"name":"Patrik","@id":"https:\/\/www.blacksmokeracing.com\/#\/schema\/person\/002a48091934372655a9a1b63cf11ce5"},"headline":"Pre-Last track-day 2011","datePublished":"2011-10-20T14:23:38+00:00","dateModified":"2017-12-19T17:47:32+00:00","mainEntityOfPage":{"@id":"https:\/\/www.blacksmokeracing.com\/fi\/posts\/events\/pre-last-track-day-2011\/"},"wordCount":379,"commentCount":2,"publisher":{"@id":"https:\/\/www.blacksmokeracing.com\/#organization"},"image":{"@id":"https:\/\/www.blacksmokeracing.com\/fi\/posts\/events\/pre-last-track-day-2011\/#primaryimage"},"thumbnailUrl":"https:\/\/www.blacksmokeracing.com\/wp-content\/uploads\/2011\/10\/IMG_0801.jpg","articleSection":["Bikernieki Riga","Car events we plan to participate in","Drifting events we plan to participate in","om606","w123"],"inLanguage":"sv-SE"},{"@type":"WebPage","@id":"https:\/\/www.blacksmokeracing.com\/fi\/posts\/events\/pre-last-track-day-2011\/","url":"https:\/\/www.blacksmokeracing.com\/fi\/posts\/events\/pre-last-track-day-2011\/","name":"F\u00f6re sista sp\u00e5rdagen 2011 - Black Smoke Ltd","isPartOf":{"@id":"https:\/\/www.blacksmokeracing.com\/#website"},"primaryImageOfPage":{"@id":"https:\/\/www.blacksmokeracing.com\/fi\/posts\/events\/pre-last-track-day-2011\/#primaryimage"},"image":{"@id":"https:\/\/www.blacksmokeracing.com\/fi\/posts\/events\/pre-last-track-day-2011\/#primaryimage"},"thumbnailUrl":"https:\/\/www.blacksmokeracing.com\/wp-content\/uploads\/2011\/10\/IMG_0801.jpg","datePublished":"2011-10-20T14:23:38+00:00","dateModified":"2017-12-19T17:47:32+00:00","breadcrumb":{"@id":"https:\/\/www.blacksmokeracing.com\/fi\/posts\/events\/pre-last-track-day-2011\/#breadcrumb"},"inLanguage":"sv-SE","potentialAction":[{"@type":"ReadAction","target":["https:\/\/www.blacksmokeracing.com\/fi\/posts\/events\/pre-last-track-day-2011\/"]}]},{"@type":"ImageObject","inLanguage":"sv-SE","@id":"https:\/\/www.blacksmokeracing.com\/fi\/posts\/events\/pre-last-track-day-2011\/#primaryimage","url":"https:\/\/www.blacksmokeracing.com\/wp-content\/uploads\/2011\/10\/IMG_0801.jpg","contentUrl":"https:\/\/www.blacksmokeracing.com\/wp-content\/uploads\/2011\/10\/IMG_0801.jpg","width":1600,"height":1025},{"@type":"BreadcrumbList","@id":"https:\/\/www.blacksmokeracing.com\/fi\/posts\/events\/pre-last-track-day-2011\/#breadcrumb","itemListElement":[{"@type":"ListItem","position":1,"name":"Home","item":"https:\/\/www.blacksmokeracing.com\/"},{"@type":"ListItem","position":2,"name":"Pre-Last track-day 2011"}]},{"@type":"WebSite","@id":"https:\/\/www.blacksmokeracing.com\/#website","url":"https:\/\/www.blacksmokeracing.com\/","name":"Black Smoke Ltd","description":"Inte det mest framg\u00e5ngsrika driftinglaget","publisher":{"@id":"https:\/\/www.blacksmokeracing.com\/#organization"},"potentialAction":[{"@type":"SearchAction","target":{"@type":"EntryPoint","urlTemplate":"https:\/\/www.blacksmokeracing.com\/?s={search_term_string}"},"query-input":{"@type":"PropertyValueSpecification","valueRequired":true,"valueName":"search_term_string"}}],"inLanguage":"sv-SE"},{"@type":"Organization","@id":"https:\/\/www.blacksmokeracing.com\/#organization","name":"Black Smoke Oy Ltd","url":"https:\/\/www.blacksmokeracing.com\/","logo":{"@type":"ImageObject","inLanguage":"sv-SE","@id":"https:\/\/www.blacksmokeracing.com\/#\/schema\/logo\/image\/","url":"https:\/\/www.blacksmokeracing.com\/wp-content\/uploads\/2017\/11\/Black-Smoke-Logo.png","contentUrl":"https:\/\/www.blacksmokeracing.com\/wp-content\/uploads\/2017\/11\/Black-Smoke-Logo.png","width":319,"height":97,"caption":"Black Smoke Oy Ltd"},"image":{"@id":"https:\/\/www.blacksmokeracing.com\/#\/schema\/logo\/image\/"},"sameAs":["https:\/\/www.facebook.com\/blacksmokeracing","https:\/\/x.com\/BlackSmokeMedia"]},{"@type":"Person","@id":"https:\/\/www.blacksmokeracing.com\/#\/schema\/person\/002a48091934372655a9a1b63cf11ce5","name":"Patrik","image":{"@type":"ImageObject","inLanguage":"sv-SE","@id":"https:\/\/secure.gravatar.com\/avatar\/542714603984c03ba6b510a338bb9de714003fc097b57a163889156a05a9051f?s=96&d=mm&r=g","url":"https:\/\/secure.gravatar.com\/avatar\/542714603984c03ba6b510a338bb9de714003fc097b57a163889156a05a9051f?s=96&d=mm&r=g","contentUrl":"https:\/\/secure.gravatar.com\/avatar\/542714603984c03ba6b510a338bb9de714003fc097b57a163889156a05a9051f?s=96&d=mm&r=g","caption":"Patrik"},"sameAs":["http:\/\/patrikwargh.com"]}]}},"taxonomy_info":{"category":[{"value":409,"label":"Bikernieki Riga"},{"value":6,"label":"Car events we plan to participate in"},{"value":380,"label":"Drifting events we plan to participate in"},{"value":398,"label":"om606"},{"value":401,"label":"w123"}]},"featured_image_src_large":["https:\/\/www.blacksmokeracing.com\/wp-content\/uploads\/2011\/10\/IMG_0801-1170x750.jpg",1170,750,true],"author_info":{"display_name":"Patrik","author_link":"https:\/\/www.blacksmokeracing.com\/sv\/posts\/author\/patrik\/"},"comment_info":"","category_info":[{"term_id":409,"name":"Bikernieki Riga","slug":"bikernieki-riga","term_group":0,"term_taxonomy_id":411,"taxonomy":"category","description":"","parent":380,"count":7,"filter":"raw","cat_ID":409,"category_count":7,"category_description":"","cat_name":"Bikernieki Riga","category_nicename":"bikernieki-riga","category_parent":380},{"term_id":6,"name":"Car events we plan to participate in","slug":"events","term_group":0,"term_taxonomy_id":6,"taxonomy":"category","description":"Upcoming car events Black smoke racing are planning to participate in in the future.","parent":0,"count":72,"filter":"raw","cat_ID":6,"category_count":72,"category_description":"Upcoming car events Black smoke racing are planning to participate in in the future.","cat_name":"Car events we plan to participate in","category_nicename":"events","category_parent":0},{"term_id":380,"name":"Drifting events we plan to participate in","slug":"drifting","term_group":0,"term_taxonomy_id":382,"taxonomy":"category","description":"Upcoming drifting events Black smoke racing are planning to participate in in the future. We don't promise anything but we're trying to get there :)","parent":6,"count":62,"filter":"raw","cat_ID":380,"category_count":62,"category_description":"Upcoming drifting events Black smoke racing are planning to participate in in the future. We don't promise anything but we're trying to get there :)","cat_name":"Drifting events we plan to participate in","category_nicename":"drifting","category_parent":6},{"term_id":398,"name":"om606","slug":"om606","term_group":0,"term_taxonomy_id":400,"taxonomy":"category","description":"","parent":394,"count":62,"filter":"raw","cat_ID":398,"category_count":62,"category_description":"","cat_name":"om606","category_nicename":"om606","category_parent":394},{"term_id":401,"name":"w123","slug":"w123","term_group":0,"term_taxonomy_id":403,"taxonomy":"category","description":"","parent":394,"count":42,"filter":"raw","cat_ID":401,"category_count":42,"category_description":"","cat_name":"w123","category_nicename":"w123","category_parent":394}],"tag_info":false,"_links":{"self":[{"href":"https:\/\/www.blacksmokeracing.com\/sv\/wp-json\/wp\/v2\/posts\/988","targetHints":{"allow":["GET"]}}],"collection":[{"href":"https:\/\/www.blacksmokeracing.com\/sv\/wp-json\/wp\/v2\/posts"}],"about":[{"href":"https:\/\/www.blacksmokeracing.com\/sv\/wp-json\/wp\/v2\/types\/post"}],"author":[{"embeddable":true,"href":"https:\/\/www.blacksmokeracing.com\/sv\/wp-json\/wp\/v2\/users\/4"}],"replies":[{"embeddable":true,"href":"https:\/\/www.blacksmokeracing.com\/sv\/wp-json\/wp\/v2\/comments?post=988"}],"version-history":[{"count":0,"href":"https:\/\/www.blacksmokeracing.com\/sv\/wp-json\/wp\/v2\/posts\/988\/revisions"}],"wp:featuredmedia":[{"embeddable":true,"href":"https:\/\/www.blacksmokeracing.com\/sv\/wp-json\/wp\/v2\/media\/899"}],"wp:attachment":[{"href":"https:\/\/www.blacksmokeracing.com\/sv\/wp-json\/wp\/v2\/media?parent=988"}],"wp:term":[{"taxonomy":"category","embeddable":true,"href":"https:\/\/www.blacksmokeracing.com\/sv\/wp-json\/wp\/v2\/categories?post=988"},{"taxonomy":"post_tag","embeddable":true,"href":"https:\/\/www.blacksmokeracing.com\/sv\/wp-json\/wp\/v2\/tags?post=988"}],"curies":[{"name":"wp","href":"https:\/\/api.w.org\/{rel}","templated":true}]}}